{"id":32387,"date":"2024-11-02T08:49:04","date_gmt":"2024-11-02T08:49:04","guid":{"rendered":"https:\/\/euroupdate.eu\/index.php\/2024\/11\/02\/vigil-takes-place-in-serbia-for-14-victims-of-novi-sad-train-station-roof-collapse\/"},"modified":"2024-11-02T08:49:04","modified_gmt":"2024-11-02T08:49:04","slug":"vigil-takes-place-in-serbia-for-14-victims-of-novi-sad-train-station-roof-collapse","status":"publish","type":"post","link":"https:\/\/euroupdate.eu\/index.php\/2024\/11\/02\/vigil-takes-place-in-serbia-for-14-victims-of-novi-sad-train-station-roof-collapse\/","title":{"rendered":"Vigil takes place in Serbia for 14 victims of Novi Sad train station roof collapse"},"content":{"rendered":"<p>Prime Minister Milo\u0161 Vu\u010devi\u0107 said &#8220;this is a black Friday for us, for all of Serbia,&#8221; as the government declared Saturday a national day of mourning.<\/p>\n<p><a href=\"https:\/\/www.euronews.com\/my-europe\/2024\/11\/02\/vigil-takes-place-in-serbia-for-14-victims-of-novi-sad-train-station-roof-collapse\" target=\"_blank\" class=\"feedzy-rss-link-icon\" rel=\"noopener\">Read More<\/a><\/p>","protected":false},"excerpt":{"rendered":"<p>Prime Minister Milo\u0161 Vu\u010devi\u0107 said &#8220;this is a black Friday for us, for all of Serbia,&#8221; as the government declared Saturday a national day of mourning. Read More<\/p>\n","protected":false},"author":0,"featured_media":31989,"comment_status":"open","ping_status":"open","sticky":false,"template":"","format":"standard","meta":{"footnotes":""},"categories":[5],"tags":[],"class_list":["post-32387","post","type-post","status-publish","format-standard","has-post-thumbnail","hentry","category-culture"],"_links":{"self":[{"href":"https:\/\/euroupdate.eu\/index.php\/wp-json\/wp\/v2\/posts\/32387","targetHints":{"allow":["GET"]}}],"collection":[{"href":"https:\/\/euroupdate.eu\/index.php\/wp-json\/wp\/v2\/posts"}],"about":[{"href":"https:\/\/euroupdate.eu\/index.php\/wp-json\/wp\/v2\/types\/post"}],"replies":[{"embeddable":true,"href":"https:\/\/euroupdate.eu\/index.php\/wp-json\/wp\/v2\/comments?post=32387"}],"version-history":[{"count":0,"href":"https:\/\/euroupdate.eu\/index.php\/wp-json\/wp\/v2\/posts\/32387\/revisions"}],"wp:featuredmedia":[{"embeddable":true,"href":"https:\/\/euroupdate.eu\/index.php\/wp-json\/wp\/v2\/media\/31989"}],"wp:attachment":[{"href":"https:\/\/euroupdate.eu\/index.php\/wp-json\/wp\/v2\/media?parent=32387"}],"wp:term":[{"taxonomy":"category","embeddable":true,"href":"https:\/\/euroupdate.eu\/index.php\/wp-json\/wp\/v2\/categories?post=32387"},{"taxonomy":"post_tag","embeddable":true,"href":"https:\/\/euroupdate.eu\/index.php\/wp-json\/wp\/v2\/tags?post=32387"}],"curies":[{"name":"wp","href":"https:\/\/api.w.org\/{rel}","templated":true}]}}